{"id":2156,"date":"2019-09-29T19:50:27","date_gmt":"2019-09-29T16:50:27","guid":{"rendered":"https:\/\/www.karinakaravan.com\/?p=2156"},"modified":"2019-09-29T19:51:53","modified_gmt":"2019-09-29T16:51:53","slug":"thule-omnistor-6300-van-manuel","status":"publish","type":"post","link":"https:\/\/www.karinakaravan.com\/?p=2156","title":{"rendered":"THULE OMN\u0130STOR 6300 VAN MANUEL"},"content":{"rendered":"\n<h2 class=\"wp-block-heading\">THULE OMN\u0130STOR 6300 VAN MANUEL<\/h2>\n\n\n\n<p><strong>Minib\u00fcsler i\u00e7in m\u00fckemmel \u00e7at\u0131 tente<\/strong>Thule Omnistor 6200 tente, minib\u00fcsler i\u00e7in 3 farkl\u0131 uzunlukta mevcuttur: 3.25m, 3.75m ve 4.00m, 2.50m\u2019lik bir a\u00e7\u0131l\u0131r uzunluk ile. Tente kaseti eloksall\u0131, beyaz ve siyah renkte yeni renk kombinasyonunda mevcuttur.<br><strong>Dayan\u0131kl\u0131 ve istikrarl\u0131 tente&nbsp;<\/strong>Dayan\u0131kl\u0131 yerle\u015fik sistemler, uzun \u00f6m\u00fcrl\u00fc bir performans ile sonu\u00e7lanan g\u00fcvenilirli\u011fi art\u0131r\u0131r. 4.00m\u2019lik bir tente uzunlu\u011fu standart olarak temin edilen bir gerilim kiri\u015fine sahiptir.<strong>Thule Omnistor 6300&nbsp;<\/strong>Minib\u00fcs\u00fcn\u00fcz i\u00e7in yeni tasar\u0131m: siyah kaplamal\u0131 eloksall\u0131 tente kaset Gri (yaln\u0131zca bir paket i\u00e7inde sat\u0131n al\u0131nd\u0131\u011f\u0131nda).\n\n<\/p>\n\n\n\n\n\n\t\t\t<div class=\"mainHeading\">\n\t\t\t\t<div class=\"icon ayar\"><\/div>\n\t\t\t\t<div class=\"title\">\u00dcr\u00fcn \u00d6zellikleri<\/div>\n\t\t\t<\/div>\n\n\t\t\n\n\n\n\n\n\t\t\t<div class=\"safir-list\">\n\t\t\t<\/p>\n\n\n\n<ul><li>MARKASI : THULE<\/li><\/ul>\n\n\n\n<p>\n\t\t\t<\/div>\n\n\t\t\n\n\n\n\n\n\t\t\t<div class=\"mainHeading\">\n\t\t\t\t<div class=\"icon foto\"><\/div>\n\t\t\t\t<div class=\"title\">\u00dcr\u00fcn G\u00f6rselleri<\/div>\n\t\t\t<\/div>\n\n\t\t\n\n\n\n<ul class=\"wp-block-gallery columns-0 is-cropped wp-block-gallery-1 is-layout-flex\"><li class=\"blocks-gallery-item\"><figure><a href=\"https:\/\/www.karinakaravan.com\/wp-content\/uploads\/2019\/09\/tente-14.jpg\"><img decoding=\"async\" loading=\"lazy\" width=\"1020\" height=\"1020\" src=\"https:\/\/www.karinakaravan.com\/wp-content\/uploads\/2019\/09\/tente-14.jpg\" alt=\"\" data-id=\"2149\" data-link=\"https:\/\/www.karinakaravan.com\/?attachment_id=2149\" class=\"wp-image-2149\" srcset=\"https:\/\/www.karinakaravan.com\/wp-content\/uploads\/2019\/09\/tente-14.jpg 1020w, https:\/\/www.karinakaravan.com\/wp-content\/uploads\/2019\/09\/tente-14-150x150.jpg 150w, https:\/\/www.karinakaravan.com\/wp-content\/uploads\/2019\/09\/tente-14-300x300.jpg 300w, https:\/\/www.karinakaravan.com\/wp-content\/uploads\/2019\/09\/tente-14-768x768.jpg 768w\" sizes=\"(max-width: 1020px) 100vw, 1020px\" \/><\/a><\/figure><\/li><li class=\"blocks-gallery-item\"><figure><a href=\"https:\/\/www.karinakaravan.com\/wp-content\/uploads\/2019\/09\/tente-15.jpg\"><img decoding=\"async\" loading=\"lazy\" width=\"1020\" height=\"1020\" src=\"https:\/\/www.karinakaravan.com\/wp-content\/uploads\/2019\/09\/tente-15.jpg\" alt=\"\" data-id=\"2150\" data-link=\"https:\/\/www.karinakaravan.com\/?attachment_id=2150\" class=\"wp-image-2150\" srcset=\"https:\/\/www.karinakaravan.com\/wp-content\/uploads\/2019\/09\/tente-15.jpg 1020w, https:\/\/www.karinakaravan.com\/wp-content\/uploads\/2019\/09\/tente-15-150x150.jpg 150w, https:\/\/www.karinakaravan.com\/wp-content\/uploads\/2019\/09\/tente-15-300x300.jpg 300w, https:\/\/www.karinakaravan.com\/wp-content\/uploads\/2019\/09\/tente-15-768x768.jpg 768w\" sizes=\"(max-width: 1020px) 100vw, 1020px\" \/><\/a><\/figure><\/li><\/ul>\n\n\n\n<p><\/p>\n\n\n\n\n\t\t\t<div class=\"mainHeading\">\n\t\t\t\t<div class=\"icon soru\"><\/div>\n\t\t\t\t<div class=\"title\">Merak Edilenler<\/div>\n\t\t\t<\/div>\n\n\t\t\n\n\n\n\n\t\t\t<div class=\"safir-faq\">\n\t\t\t\t<div class=\"question\"><div class=\"icon\"><\/div><span class=\"text\">BU \u00dcR\u00dcN\u00dc NASIL S\u0130PAR\u0130\u015e EDER\u0130M?<\/span><div class=\"openclose plus\"><\/div><\/div>\n\t\t\t\t<div class=\"answer\">S\u0130PAR\u0130\u015e \u0130\u00c7\u0130N B\u0130ZLERE WHATSAPP VEYA SAB\u0130T NUMARAMIZDAN ULA\u015eAB\u0130L\u0130RS\u0130N\u0130Z.<\/div>\n\t\t\t<\/div>\n\n\t\t\n\n\n\n\n\t\t\t<div class=\"safir-faq\">\n\t\t\t\t<div class=\"question\"><div class=\"icon\"><\/div><span class=\"text\">\u00dcr\u00fcn\u00fcm ne zaman kargoya verilir?<\/span><div class=\"openclose plus\"><\/div><\/div>\n\t\t\t\t<div class=\"answer\">T\u00fcm \u00fcr\u00fcnlerimiz 1-3 i\u015f g\u00fcn\u00fc i\u00e7erisinde kargoya teslim edilir.<\/div>\n\t\t\t<\/div>\n\n\t\t\n\n\n\n\n\t\t\t<div class=\"safir-faq\">\n\t\t\t\t<div class=\"question\"><div class=\"icon\"><\/div><span class=\"text\">\u00dcr\u00fcn hakk\u0131nda bilgi almak istiyorum?<\/span><div class=\"openclose plus\"><\/div><\/div>\n\t\t\t\t<div class=\"answer\">B\u0130Z\u0130MLE \u0130LET\u0130\u015e\u0130ME GE\u00c7\u0130N 05537837562-02164511414.<\/div>\n\t\t\t<\/div>\n\n\t\t\n\n\n\n\n\t\t\t<div class=\"mainHeading\">\n\t\t\t\t<div class=\"icon kampanya\"><\/div>\n\t\t\t\t<div class=\"title\">\u00dcr\u00fcn ile \u0130lgili Kampanyalar<\/div>\n\t\t\t<\/div>\n\n\t\t\n\n\n\n<p> KAMANYA VE \u0130N\u0130D\u0130R\u0130MLERDEN HABERDAR OLMAK \u0130\u00c7\u0130N B\u0130Z\u0130MLE \u0130LET\u0130\u015e\u0130ME GE\u00c7EB\u0130L\u0130RS\u0130N\u0130Z.    <a href=\"http:\/\/karinakaravan.com\/?page_id=11\">\u0130LET\u0130\u015e\u0130ME GE\u00c7!<\/a> <\/p>\n\n\n\n<p>\n\nDi\u011fer \u00fcr\u00fcnlerimize g\u00f6z atmay\u0131 unutmay\u0131n. <a href=\"http:\/\/karinakaravan.com\/?cat=1\">T\u0131klay\u0131n\u0131z!<\/a><\/p>\n\n\n<p><!--EndFragment--><br>\n<br>\n<\/p>","protected":false},"excerpt":{"rendered":"<p>THULE OMN\u0130STOR 6300 VAN MANUEL Minib\u00fcsler i\u00e7in m\u00fckemmel \u00e7at\u0131 tenteThule Omnistor 6200 tente, minib\u00fcsler i\u00e7in 3 farkl\u0131 uzunlukta mevcuttur: 3.25m, 3.75m ve 4.00m, 2.50m\u2019lik bir a\u00e7\u0131l\u0131r uzunluk ile. Tente kaseti eloksall\u0131, beyaz ve siyah renkte yeni renk kombinasyonunda mevcuttur.Dayan\u0131kl\u0131 ve istikrarl\u0131 tente&nbsp;Dayan\u0131kl\u0131 yerle\u015fik sistemler, uzun \u00f6m\u00fcrl\u00fc bir performans ile sonu\u00e7lanan g\u00fcvenilirli\u011fi art\u0131r\u0131r. 4.00m\u2019lik bir tente [&hellip;]<\/p>\n","protected":false},"author":1,"featured_media":2149,"comment_status":"open","ping_status":"open","sticky":false,"template":"","format":"standard","meta":[],"categories":[490],"tags":[54,330,55,373,69,374,70,407,71,492,100,494,103,119,124,128,131,179,214,224,51,251,52,307],"yoast_head":"<!-- This site is optimized with the Yoast SEO plugin v20.6 - https:\/\/yoast.com\/wordpress\/plugins\/seo\/ -->\n<title>THULE OMN\u0130STOR 6300 VAN MANUEL - Karina Karavan<\/title>\n<meta name=\"robots\" content=\"index, follow, max-snippet:-1, max-image-preview:large, max-video-preview:-1\" \/>\n<link rel=\"canonical\" href=\"https:\/\/www.karinakaravan.com\/?p=2156\" \/>\n<meta property=\"og:locale\" content=\"tr_TR\" \/>\n<meta property=\"og:type\" content=\"article\" \/>\n<meta property=\"og:title\" content=\"THULE OMN\u0130STOR 6300 VAN MANUEL - Karina Karavan\" \/>\n<meta property=\"og:description\" content=\"THULE OMN\u0130STOR 6300 VAN MANUEL Minib\u00fcsler i\u00e7in m\u00fckemmel \u00e7at\u0131 tenteThule Omnistor 6200 tente, minib\u00fcsler i\u00e7in 3 farkl\u0131 uzunlukta mevcuttur: 3.25m, 3.75m ve 4.00m, 2.50m\u2019lik bir a\u00e7\u0131l\u0131r uzunluk ile. Tente kaseti eloksall\u0131, beyaz ve siyah renkte yeni renk kombinasyonunda mevcuttur.Dayan\u0131kl\u0131 ve istikrarl\u0131 tente&nbsp;Dayan\u0131kl\u0131 yerle\u015fik sistemler, uzun \u00f6m\u00fcrl\u00fc bir performans ile sonu\u00e7lanan g\u00fcvenilirli\u011fi art\u0131r\u0131r. 4.00m\u2019lik bir tente [&hellip;]\" \/>\n<meta property=\"og:url\" content=\"https:\/\/www.karinakaravan.com\/?p=2156\" \/>\n<meta property=\"og:site_name\" content=\"Karina Karavan\" \/>\n<meta property=\"article:published_time\" content=\"2019-09-29T16:50:27+00:00\" \/>\n<meta property=\"article:modified_time\" content=\"2019-09-29T16:51:53+00:00\" \/>\n<meta property=\"og:image\" content=\"https:\/\/www.karinakaravan.com\/wp-content\/uploads\/2019\/09\/tente-14.jpg\" \/>\n\t<meta property=\"og:image:width\" content=\"1020\" \/>\n\t<meta property=\"og:image:height\" content=\"1020\" \/>\n\t<meta property=\"og:image:type\" content=\"image\/jpeg\" \/>\n<meta name=\"author\" content=\"karina muslum\" \/>\n<meta name=\"twitter:card\" content=\"summary_large_image\" \/>\n<meta name=\"twitter:label1\" content=\"Yazan:\" \/>\n\t<meta name=\"twitter:data1\" content=\"karina muslum\" \/>\n\t<meta name=\"twitter:label2\" content=\"Tahmini okuma s\u00fcresi\" \/>\n\t<meta name=\"twitter:data2\" content=\"1 dakika\" \/>\n<script type=\"application\/ld+json\" class=\"yoast-schema-graph\">{\"@context\":\"https:\/\/schema.org\",\"@graph\":[{\"@type\":\"WebPage\",\"@id\":\"https:\/\/www.karinakaravan.com\/?p=2156\",\"url\":\"https:\/\/www.karinakaravan.com\/?p=2156\",\"name\":\"THULE OMN\u0130STOR 6300 VAN MANUEL - Karina Karavan\",\"isPartOf\":{\"@id\":\"https:\/\/www.karinakaravan.com\/#website\"},\"datePublished\":\"2019-09-29T16:50:27+00:00\",\"dateModified\":\"2019-09-29T16:51:53+00:00\",\"author\":{\"@id\":\"https:\/\/www.karinakaravan.com\/#\/schema\/person\/c997929c2de006331d7cdea8b0e5926c\"},\"breadcrumb\":{\"@id\":\"https:\/\/www.karinakaravan.com\/?p=2156#breadcrumb\"},\"inLanguage\":\"tr\",\"potentialAction\":[{\"@type\":\"ReadAction\",\"target\":[\"https:\/\/www.karinakaravan.com\/?p=2156\"]}]},{\"@type\":\"BreadcrumbList\",\"@id\":\"https:\/\/www.karinakaravan.com\/?p=2156#breadcrumb\",\"itemListElement\":[{\"@type\":\"ListItem\",\"position\":1,\"name\":\"Ana sayfa\",\"item\":\"https:\/\/www.karinakaravan.com\/\"},{\"@type\":\"ListItem\",\"position\":2,\"name\":\"THULE OMN\u0130STOR 6300 VAN MANUEL\"}]},{\"@type\":\"WebSite\",\"@id\":\"https:\/\/www.karinakaravan.com\/#website\",\"url\":\"https:\/\/www.karinakaravan.com\/\",\"name\":\"Karina Karavan\",\"description\":\"Do\u011fadaki Eviniz\",\"potentialAction\":[{\"@type\":\"SearchAction\",\"target\":{\"@type\":\"EntryPoint\",\"urlTemplate\":\"https:\/\/www.karinakaravan.com\/?s={search_term_string}\"},\"query-input\":\"required name=search_term_string\"}],\"inLanguage\":\"tr\"},{\"@type\":\"Person\",\"@id\":\"https:\/\/www.karinakaravan.com\/#\/schema\/person\/c997929c2de006331d7cdea8b0e5926c\",\"name\":\"karina muslum\",\"image\":{\"@type\":\"ImageObject\",\"inLanguage\":\"tr\",\"@id\":\"https:\/\/www.karinakaravan.com\/#\/schema\/person\/image\/\",\"url\":\"https:\/\/secure.gravatar.com\/avatar\/a5f18aeff8e1354c549c5e67caf628a4?s=96&d=mm&r=g\",\"contentUrl\":\"https:\/\/secure.gravatar.com\/avatar\/a5f18aeff8e1354c549c5e67caf628a4?s=96&d=mm&r=g\",\"caption\":\"karina muslum\"},\"url\":\"https:\/\/www.karinakaravan.com\/?author=1\"}]}<\/script>\n<!-- \/ Yoast SEO plugin. -->","yoast_head_json":{"title":"THULE OMN\u0130STOR 6300 VAN MANUEL - Karina Karavan","robots":{"index":"index","follow":"follow","max-snippet":"max-snippet:-1","max-image-preview":"max-image-preview:large","max-video-preview":"max-video-preview:-1"},"canonical":"https:\/\/www.karinakaravan.com\/?p=2156","og_locale":"tr_TR","og_type":"article","og_title":"THULE OMN\u0130STOR 6300 VAN MANUEL - Karina Karavan","og_description":"THULE OMN\u0130STOR 6300 VAN MANUEL Minib\u00fcsler i\u00e7in m\u00fckemmel \u00e7at\u0131 tenteThule Omnistor 6200 tente, minib\u00fcsler i\u00e7in 3 farkl\u0131 uzunlukta mevcuttur: 3.25m, 3.75m ve 4.00m, 2.50m\u2019lik bir a\u00e7\u0131l\u0131r uzunluk ile. Tente kaseti eloksall\u0131, beyaz ve siyah renkte yeni renk kombinasyonunda mevcuttur.Dayan\u0131kl\u0131 ve istikrarl\u0131 tente&nbsp;Dayan\u0131kl\u0131 yerle\u015fik sistemler, uzun \u00f6m\u00fcrl\u00fc bir performans ile sonu\u00e7lanan g\u00fcvenilirli\u011fi art\u0131r\u0131r. 4.00m\u2019lik bir tente [&hellip;]","og_url":"https:\/\/www.karinakaravan.com\/?p=2156","og_site_name":"Karina Karavan","article_published_time":"2019-09-29T16:50:27+00:00","article_modified_time":"2019-09-29T16:51:53+00:00","og_image":[{"width":1020,"height":1020,"url":"https:\/\/www.karinakaravan.com\/wp-content\/uploads\/2019\/09\/tente-14.jpg","type":"image\/jpeg"}],"author":"karina muslum","twitter_card":"summary_large_image","twitter_misc":{"Yazan:":"karina muslum","Tahmini okuma s\u00fcresi":"1 dakika"},"schema":{"@context":"https:\/\/schema.org","@graph":[{"@type":"WebPage","@id":"https:\/\/www.karinakaravan.com\/?p=2156","url":"https:\/\/www.karinakaravan.com\/?p=2156","name":"THULE OMN\u0130STOR 6300 VAN MANUEL - Karina Karavan","isPartOf":{"@id":"https:\/\/www.karinakaravan.com\/#website"},"datePublished":"2019-09-29T16:50:27+00:00","dateModified":"2019-09-29T16:51:53+00:00","author":{"@id":"https:\/\/www.karinakaravan.com\/#\/schema\/person\/c997929c2de006331d7cdea8b0e5926c"},"breadcrumb":{"@id":"https:\/\/www.karinakaravan.com\/?p=2156#breadcrumb"},"inLanguage":"tr","potentialAction":[{"@type":"ReadAction","target":["https:\/\/www.karinakaravan.com\/?p=2156"]}]},{"@type":"BreadcrumbList","@id":"https:\/\/www.karinakaravan.com\/?p=2156#breadcrumb","itemListElement":[{"@type":"ListItem","position":1,"name":"Ana sayfa","item":"https:\/\/www.karinakaravan.com\/"},{"@type":"ListItem","position":2,"name":"THULE OMN\u0130STOR 6300 VAN MANUEL"}]},{"@type":"WebSite","@id":"https:\/\/www.karinakaravan.com\/#website","url":"https:\/\/www.karinakaravan.com\/","name":"Karina Karavan","description":"Do\u011fadaki Eviniz","potentialAction":[{"@type":"SearchAction","target":{"@type":"EntryPoint","urlTemplate":"https:\/\/www.karinakaravan.com\/?s={search_term_string}"},"query-input":"required name=search_term_string"}],"inLanguage":"tr"},{"@type":"Person","@id":"https:\/\/www.karinakaravan.com\/#\/schema\/person\/c997929c2de006331d7cdea8b0e5926c","name":"karina muslum","image":{"@type":"ImageObject","inLanguage":"tr","@id":"https:\/\/www.karinakaravan.com\/#\/schema\/person\/image\/","url":"https:\/\/secure.gravatar.com\/avatar\/a5f18aeff8e1354c549c5e67caf628a4?s=96&d=mm&r=g","contentUrl":"https:\/\/secure.gravatar.com\/avatar\/a5f18aeff8e1354c549c5e67caf628a4?s=96&d=mm&r=g","caption":"karina muslum"},"url":"https:\/\/www.karinakaravan.com\/?author=1"}]}},"jetpack_featured_media_url":"https:\/\/www.karinakaravan.com\/wp-content\/uploads\/2019\/09\/tente-14.jpg","_links":{"self":[{"href":"https:\/\/www.karinakaravan.com\/index.php?rest_route=\/wp\/v2\/posts\/2156"}],"collection":[{"href":"https:\/\/www.karinakaravan.com\/index.php?rest_route=\/wp\/v2\/posts"}],"about":[{"href":"https:\/\/www.karinakaravan.com\/index.php?rest_route=\/wp\/v2\/types\/post"}],"author":[{"embeddable":true,"href":"https:\/\/www.karinakaravan.com\/index.php?rest_route=\/wp\/v2\/users\/1"}],"replies":[{"embeddable":true,"href":"https:\/\/www.karinakaravan.com\/index.php?rest_route=%2Fwp%2Fv2%2Fcomments&post=2156"}],"version-history":[{"count":1,"href":"https:\/\/www.karinakaravan.com\/index.php?rest_route=\/wp\/v2\/posts\/2156\/revisions"}],"predecessor-version":[{"id":2157,"href":"https:\/\/www.karinakaravan.com\/index.php?rest_route=\/wp\/v2\/posts\/2156\/revisions\/2157"}],"wp:featuredmedia":[{"embeddable":true,"href":"https:\/\/www.karinakaravan.com\/index.php?rest_route=\/wp\/v2\/media\/2149"}],"wp:attachment":[{"href":"https:\/\/www.karinakaravan.com\/index.php?rest_route=%2Fwp%2Fv2%2Fmedia&parent=2156"}],"wp:term":[{"taxonomy":"category","embeddable":true,"href":"https:\/\/www.karinakaravan.com\/index.php?rest_route=%2Fwp%2Fv2%2Fcategories&post=2156"},{"taxonomy":"post_tag","embeddable":true,"href":"https:\/\/www.karinakaravan.com\/index.php?rest_route=%2Fwp%2Fv2%2Ftags&post=2156"}],"curies":[{"name":"wp","href":"https:\/\/api.w.org\/{rel}","templated":true}]}}